{"id":51476,"date":"2021-09-03T13:43:07","date_gmt":"2021-09-03T11:43:07","guid":{"rendered":"https:\/\/sceinternational.lu\/elektroinstallation-umbau-kleidungsgeschaeft\/"},"modified":"2024-02-23T10:56:04","modified_gmt":"2024-02-23T09:56:04","slug":"elektroinstallation-umbau-kleidungsgeschaeft","status":"publish","type":"post","link":"https:\/\/sceinternational.lu\/fr\/elektroinstallation-umbau-kleidungsgeschaeft\/","title":{"rendered":"TRANSFORMATION DE L&rsquo;INSTALLATION \u00c9LECTRIQUE D&rsquo;UN MAGASIN DE V\u00caTEMENTS"},"content":{"rendered":"<p>[et_pb_section fb_built=\u00a0\u00bb1&Prime; admin_label=\u00a0\u00bbsection\u00a0\u00bb _builder_version=\u00a0\u00bb4.16&Prime; custom_margin=\u00a0\u00bb0px|0px|0px|0px|true|true\u00a0\u00bb custom_padding=\u00a0\u00bb0px|0px|0px|0px|true|true\u00a0\u00bb global_colors_info=\u00a0\u00bb{}\u00a0\u00bb][et_pb_row admin_label=\u00a0\u00bbrow\u00a0\u00bb _builder_version=\u00a0\u00bb4.16&Prime; background_size=\u00a0\u00bbinitial\u00a0\u00bb background_position=\u00a0\u00bbtop_left\u00a0\u00bb background_repeat=\u00a0\u00bbrepeat\u00a0\u00bb width=\u00a0\u00bb100%\u00a0\u00bb max_width=\u00a0\u00bb100%\u00a0\u00bb custom_margin=\u00a0\u00bb0px|0px|0px|0px|true|true\u00a0\u00bb custom_padding=\u00a0\u00bb0px|0px|0px|0px|true|true\u00a0\u00bb global_colors_info=\u00a0\u00bb{}\u00a0\u00bb][et_pb_column type=\u00a0\u00bb4_4&Prime; _builder_version=\u00a0\u00bb4.16&Prime; custom_padding=\u00a0\u00bb|||\u00a0\u00bb global_colors_info=\u00a0\u00bb{}\u00a0\u00bb custom_padding__hover=\u00a0\u00bb|||\u00a0\u00bb][et_pb_text admin_label=\u00a0\u00bbText\u00a0\u00bb _builder_version=\u00a0\u00bb4.16&Prime; background_size=\u00a0\u00bbinitial\u00a0\u00bb background_position=\u00a0\u00bbtop_left\u00a0\u00bb background_repeat=\u00a0\u00bbrepeat\u00a0\u00bb global_colors_info=\u00a0\u00bb{}\u00a0\u00bb]<\/p>\n<p>SCE S.\u00e0 r.l.:<\/p>\n<p>Planification, installation et mise en service d\u2019installations \u00e9lectriques<\/p>\n<p><strong>Port\u00e9e du projet :<\/strong><\/p>\n<p>&#8211; Installation \u00e9lectrique compl\u00e8te<br \/>\u2013 Sous-distribution \u00e9lectrique<br \/>\u2013 C\u00e2blage<br \/>\u2013 Pose de c\u00e2bles<br \/>\u2013 Syst\u00e8me d\u2019\u00e9clairage<br \/>\u2013 Syst\u00e8me de sonorisation<br \/>\u2013 R\u00e9seau<br \/>\u2013 Prises et interrupteurs<\/p>\n<p><strong>La SCE S.\u00e0 r.l. a \u00e9t\u00e9 charg\u00e9e de la transformation de l\u2019installation \u00e9lectrique. En moins d\u2019une semaine et demie, l\u2019ensemble des travaux ont \u00e9t\u00e9 r\u00e9alis\u00e9s.<\/strong><\/p>\n<p>[\/et_pb_text][et_pb_image src=\u00a0\u00bbhttps:\/\/sceinternational.lu\/wp-content\/uploads\/2019\/08\/light.jpg\u00a0\u00bb title_text=\u00a0\u00bblight\u00a0\u00bb show_in_lightbox=\u00a0\u00bbon\u00a0\u00bb _builder_version=\u00a0\u00bb4.16&Prime; _module_preset=\u00a0\u00bbdefault\u00a0\u00bb global_colors_info=\u00a0\u00bb{}\u00a0\u00bb][\/et_pb_image][\/et_pb_column][\/et_pb_row][\/et_pb_section]<\/p>\n","protected":false},"excerpt":{"rendered":"<p>SCE S.\u00e0 r.l.: Planification, installation et mise en service d\u2019installations \u00e9lectriques Port\u00e9e du projet : &#8211; Installation \u00e9lectrique compl\u00e8te\u2013 Sous-distribution \u00e9lectrique\u2013 C\u00e2blage\u2013 Pose de c\u00e2bles\u2013 Syst\u00e8me d\u2019\u00e9clairage\u2013 Syst\u00e8me de sonorisation\u2013 R\u00e9seau\u2013 Prises et interrupteurs La SCE S.\u00e0 r.l. a \u00e9t\u00e9 charg\u00e9e de la transformation de l\u2019installation \u00e9lectrique. En moins d\u2019une semaine et demie, l\u2019ensemble des [&hellip;]<\/p>\n","protected":false},"author":1372,"featured_media":51546,"comment_status":"closed","ping_status":"closed","sticky":false,"template":"","format":"standard","meta":{"_acf_changed":false,"_et_pb_use_builder":"on","_et_pb_old_content":"","_et_gb_content_width":"","footnotes":""},"categories":[811],"tags":[],"class_list":["post-51476","post","type-post","status-publish","format-standard","has-post-thumbnail","hentry","category-projekte-fr"],"acf":[],"_links":{"self":[{"href":"https:\/\/sceinternational.lu\/fr\/wp-json\/wp\/v2\/posts\/51476","targetHints":{"allow":["GET"]}}],"collection":[{"href":"https:\/\/sceinternational.lu\/fr\/wp-json\/wp\/v2\/posts"}],"about":[{"href":"https:\/\/sceinternational.lu\/fr\/wp-json\/wp\/v2\/types\/post"}],"author":[{"embeddable":true,"href":"https:\/\/sceinternational.lu\/fr\/wp-json\/wp\/v2\/users\/1372"}],"replies":[{"embeddable":true,"href":"https:\/\/sceinternational.lu\/fr\/wp-json\/wp\/v2\/comments?post=51476"}],"version-history":[{"count":0,"href":"https:\/\/sceinternational.lu\/fr\/wp-json\/wp\/v2\/posts\/51476\/revisions"}],"wp:featuredmedia":[{"embeddable":true,"href":"https:\/\/sceinternational.lu\/fr\/wp-json\/wp\/v2\/media\/51546"}],"wp:attachment":[{"href":"https:\/\/sceinternational.lu\/fr\/wp-json\/wp\/v2\/media?parent=51476"}],"wp:term":[{"taxonomy":"category","embeddable":true,"href":"https:\/\/sceinternational.lu\/fr\/wp-json\/wp\/v2\/categories?post=51476"},{"taxonomy":"post_tag","embeddable":true,"href":"https:\/\/sceinternational.lu\/fr\/wp-json\/wp\/v2\/tags?post=51476"}],"curies":[{"name":"wp","href":"https:\/\/api.w.org\/{rel}","templated":true}]}}